{"id":2669,"date":"2024-02-29T11:31:08","date_gmt":"2024-02-29T16:31:08","guid":{"rendered":"https:\/\/babynou.ca\/?p=2669"},"modified":"2024-03-01T13:06:18","modified_gmt":"2024-03-01T18:06:18","slug":"notre-garderie-inclusive-accueillir-la-diversite-pour-cultiver-lepanouissement","status":"publish","type":"post","link":"https:\/\/babynou.ca\/en\/notre-garderie-inclusive-accueillir-la-diversite-pour-cultiver-lepanouissement\/","title":{"rendered":"Notre garderie inclusive : accueillir la diversit\u00e9 pour cultiver l&#8217;\u00e9panouissement!"},"content":{"rendered":"<p class=\"wp-block-paragraph\">Ch\u00e8res familles,<\/p>\n\n\n\n<p class=\"wp-block-paragraph\">Nous sommes enchant\u00e9s de vous partager notre engagement continu envers l&#8217;inclusion au sein de notre garderie. Chez nous, chaque enfant est accueilli et ch\u00e9ri pour sa singularit\u00e9.<\/p>\n\n\n\n<p class=\"wp-block-paragraph\">Notre garderie s&#8217;ouvre aux enfants avec des besoins particuliers, offrant un environnement bienveillant qui favorise leur d\u00e9veloppement harmonieux. Nous croyons en une communaut\u00e9 o\u00f9 chacun a sa place, o\u00f9 les diff\u00e9rences sont c\u00e9l\u00e9br\u00e9es et o\u00f9 chaque enfant peut s&#8217;\u00e9panouir \u00e0 son rythme unique.<\/p>\n\n\n\n<p class=\"wp-block-paragraph\">En plus d&#8217;accueillir ces enfants exceptionnels, nous sommes fiers de soutenir les familles issues de milieux d\u00e9favoris\u00e9s et celles qui b\u00e9n\u00e9ficient du bien-\u00eatre social. Notre objectif est de cr\u00e9er une atmosph\u00e8re inclusive o\u00f9 tous les enfants peuvent jouer, apprendre et grandir ensemble, formant des amiti\u00e9s durables qui transcendent les diff\u00e9rences.<\/p>\n\n\n\n<p class=\"wp-block-paragraph\">En choisissant notre garderie, vous choisissez un lieu o\u00f9 la diversit\u00e9 est c\u00e9l\u00e9br\u00e9e, o\u00f9 l&#8217;amour et le soutien sont les piliers de notre communaut\u00e9. Nous sommes convaincus que cette approche cr\u00e9e un environnement enrichissant pour tous nos petits, favorisant l&#8217;empathie, la compr\u00e9hension et l&#8217;acceptation.<\/p>\n\n\n\n<p class=\"wp-block-paragraph\">Merci de faire partie de cette merveilleuse aventure avec nous.<\/p>\n<div class=\"wps-pgfw-pdf-generate-icon__wrapper-frontend pgfw-icon-display pgfw-icon-display--default\" style=\"--pgfw-icon-justify:center;\"><a href=\"https:\/\/babynou.ca\/en\/wp-json\/wp\/v2\/posts\/2669?action=genpdf&#038;id=2669\" class=\"pgfw-single-pdf-download-button pgfw-single-pdf-download-button--default pgfw-single-pdf-download-button--icon-only\" title=\"Generate PDF\" style=\"--pgfw-icon-width:25px;--pgfw-icon-height:45px;\" target=\"_blank\" aria-label=\"single pdf name\"><span class=\"pgfw-single-pdf-download-button__media\" aria-hidden=\"true\"><img src=\"https:\/\/babynou.ca\/wp-content\/plugins\/pdf-generator-for-wp\/admin\/src\/images\/PDF_Tray.svg\" alt=\"\" decoding=\"async\"><\/span><\/a><\/div>","protected":false},"excerpt":{"rendered":"<p>Ch\u00e8res familles, Nous sommes enchant\u00e9s de vous partager notre engagement continu envers l&#8217;inclusion au sein de notre garderie. Chez nous, chaque enfant est accueilli et ch\u00e9ri pour sa singularit\u00e9. Notre [&hellip;]<\/p>\n","protected":false},"author":22,"featured_media":2676,"comment_status":"open","ping_status":"open","sticky":false,"template":"","format":"standard","meta":{"_jetpack_newsletter_access":"","_jetpack_dont_email_post_to_subs":false,"_jetpack_newsletter_tier_id":0,"_jetpack_memberships_contains_paywalled_content":false,"_jetpack_memberships_contains_paid_content":false,"footnotes":""},"categories":[9],"tags":[],"class_list":["post-2669","post","type-post","status-publish","format-standard","has-post-thumbnail","hentry","category-blogue"],"aioseo_notices":[],"aioseo_head":"\n\t\t<!-- All in One SEO 5.0.0.1 - aioseo.com -->\n\t<meta name=\"description\" content=\"#Ch\u00e8res familles, Nous sommes enchant\u00e9s de vous partager notre engagement continu envers l&#039;inclusion au sein de notre garderie. Chez nous, chaque enfant est accueilli et ch\u00e9ri pour sa singularit\u00e9. Notre garderie s&#039;ouvre aux enfants avec des besoins particuliers, offrant un environnement bienveillant qui favorise leur d\u00e9veloppement harmonieux. Nous croyons en une communaut\u00e9 o\u00f9 chacun a Ch\u00e8res familles, Nous sommes enchant\u00e9s de vous partager notre engagement continu envers l&#039;inclusion au sein de notre garderie. Chez nous, chaque enfant est accueilli et ch\u00e9ri pour sa singularit\u00e9. Notre garderie s&#039;ouvre aux enfants avec des besoins particuliers, offrant un environnement bienveillant qui favorise leur d\u00e9veloppement harmonieux. Nous croyons en une communaut\u00e9 o\u00f9 chacun a\" \/>\n\t<meta name=\"robots\" content=\"max-image-preview:large\" \/>\n\t<meta name=\"author\" content=\"Communications.Babynou\"\/>\n\t<link rel=\"canonical\" href=\"https:\/\/babynou.ca\/en\/notre-garderie-inclusive-accueillir-la-diversite-pour-cultiver-lepanouissement\/\" \/>\n\t<meta name=\"generator\" content=\"All in One SEO (AIOSEO) 5.0.0.1\" \/>\n\t\t<meta property=\"og:locale\" content=\"en_US\" \/>\n\t\t<meta property=\"og:site_name\" content=\"Garderie Babynou -\" \/>\n\t\t<meta property=\"og:type\" content=\"article\" \/>\n\t\t<meta property=\"og:title\" content=\"Notre garderie inclusive : accueillir la diversit\u00e9 pour cultiver l\u2019\u00e9panouissement! - Garderie Babynou\" \/>\n\t\t<meta property=\"og:description\" content=\"#Ch\u00e8res familles, Nous sommes enchant\u00e9s de vous partager notre engagement continu envers l&#039;inclusion au sein de notre garderie. Chez nous, chaque enfant est accueilli et ch\u00e9ri pour sa singularit\u00e9. Notre garderie s&#039;ouvre aux enfants avec des besoins particuliers, offrant un environnement bienveillant qui favorise leur d\u00e9veloppement harmonieux. Nous croyons en une communaut\u00e9 o\u00f9 chacun a Ch\u00e8res familles, Nous sommes enchant\u00e9s de vous partager notre engagement continu envers l&#039;inclusion au sein de notre garderie. Chez nous, chaque enfant est accueilli et ch\u00e9ri pour sa singularit\u00e9. Notre garderie s&#039;ouvre aux enfants avec des besoins particuliers, offrant un environnement bienveillant qui favorise leur d\u00e9veloppement harmonieux. Nous croyons en une communaut\u00e9 o\u00f9 chacun a\" \/>\n\t\t<meta property=\"og:url\" content=\"https:\/\/babynou.ca\/en\/notre-garderie-inclusive-accueillir-la-diversite-pour-cultiver-lepanouissement\/\" \/>\n\t\t<meta property=\"article:published_time\" content=\"2024-02-29T16:31:08+00:00\" \/>\n\t\t<meta property=\"article:modified_time\" content=\"2024-03-01T18:06:18+00:00\" \/>\n\t\t<meta name=\"twitter:card\" content=\"summary_large_image\" \/>\n\t\t<meta name=\"twitter:title\" content=\"Notre garderie inclusive : accueillir la diversit\u00e9 pour cultiver l\u2019\u00e9panouissement! - Garderie Babynou\" \/>\n\t\t<meta name=\"twitter:description\" content=\"#Ch\u00e8res familles, Nous sommes enchant\u00e9s de vous partager notre engagement continu envers l&#039;inclusion au sein de notre garderie. Chez nous, chaque enfant est accueilli et ch\u00e9ri pour sa singularit\u00e9. Notre garderie s&#039;ouvre aux enfants avec des besoins particuliers, offrant un environnement bienveillant qui favorise leur d\u00e9veloppement harmonieux. Nous croyons en une communaut\u00e9 o\u00f9 chacun a Ch\u00e8res familles, Nous sommes enchant\u00e9s de vous partager notre engagement continu envers l&#039;inclusion au sein de notre garderie. Chez nous, chaque enfant est accueilli et ch\u00e9ri pour sa singularit\u00e9. Notre garderie s&#039;ouvre aux enfants avec des besoins particuliers, offrant un environnement bienveillant qui favorise leur d\u00e9veloppement harmonieux. Nous croyons en une communaut\u00e9 o\u00f9 chacun a\" \/>\n\t\t<script type=\"application\/ld+json\" class=\"aioseo-schema\">\n\t\t\t{\"@context\":\"https:\\\/\\\/schema.org\",\"@graph\":[{\"@type\":\"BlogPosting\",\"@id\":\"https:\\\/\\\/babynou.ca\\\/en\\\/notre-garderie-inclusive-accueillir-la-diversite-pour-cultiver-lepanouissement\\\/#blogposting\",\"name\":\"Notre garderie inclusive : accueillir la diversit\\u00e9 pour cultiver l\\u2019\\u00e9panouissement! - Garderie Babynou\",\"headline\":\"Notre garderie inclusive : accueillir la diversit\\u00e9 pour cultiver l&#8217;\\u00e9panouissement!\",\"author\":{\"@id\":\"https:\\\/\\\/babynou.ca\\\/en\\\/author\\\/communications-babynou\\\/#author\"},\"publisher\":{\"@id\":\"https:\\\/\\\/babynou.ca\\\/en\\\/#organization\"},\"image\":{\"@type\":\"ImageObject\",\"url\":\"https:\\\/\\\/babynou.ca\\\/wp-content\\\/uploads\\\/2024\\\/02\\\/4-trucs-pour-enseigner-le-respect-de-la-difference-zone-des-parents-2.jpg\",\"width\":1250,\"height\":703},\"datePublished\":\"2024-02-29T11:31:08-05:00\",\"dateModified\":\"2024-03-01T13:06:18-05:00\",\"inLanguage\":\"en-US\",\"mainEntityOfPage\":{\"@id\":\"https:\\\/\\\/babynou.ca\\\/en\\\/notre-garderie-inclusive-accueillir-la-diversite-pour-cultiver-lepanouissement\\\/#webpage\"},\"isPartOf\":{\"@id\":\"https:\\\/\\\/babynou.ca\\\/en\\\/notre-garderie-inclusive-accueillir-la-diversite-pour-cultiver-lepanouissement\\\/#webpage\"},\"articleSection\":\"Blogue\"},{\"@type\":\"BreadcrumbList\",\"@id\":\"https:\\\/\\\/babynou.ca\\\/en\\\/notre-garderie-inclusive-accueillir-la-diversite-pour-cultiver-lepanouissement\\\/#breadcrumblist\",\"itemListElement\":[{\"@type\":\"ListItem\",\"@id\":\"https:\\\/\\\/babynou.ca\\\/en#listItem\",\"position\":1,\"name\":\"Home\",\"item\":\"https:\\\/\\\/babynou.ca\\\/en\",\"nextItem\":{\"@type\":\"ListItem\",\"@id\":\"https:\\\/\\\/babynou.ca\\\/en\\\/category\\\/blogue\\\/#listItem\",\"name\":\"Blogue\"}},{\"@type\":\"ListItem\",\"@id\":\"https:\\\/\\\/babynou.ca\\\/en\\\/category\\\/blogue\\\/#listItem\",\"position\":2,\"name\":\"Blogue\",\"item\":\"https:\\\/\\\/babynou.ca\\\/en\\\/category\\\/blogue\\\/\",\"nextItem\":{\"@type\":\"ListItem\",\"@id\":\"https:\\\/\\\/babynou.ca\\\/en\\\/notre-garderie-inclusive-accueillir-la-diversite-pour-cultiver-lepanouissement\\\/#listItem\",\"name\":\"Notre garderie inclusive : accueillir la diversit\\u00e9 pour cultiver l&#8217;\\u00e9panouissement!\"},\"previousItem\":{\"@type\":\"ListItem\",\"@id\":\"https:\\\/\\\/babynou.ca\\\/en#listItem\",\"name\":\"Home\"}},{\"@type\":\"ListItem\",\"@id\":\"https:\\\/\\\/babynou.ca\\\/en\\\/notre-garderie-inclusive-accueillir-la-diversite-pour-cultiver-lepanouissement\\\/#listItem\",\"position\":3,\"name\":\"Notre garderie inclusive : accueillir la diversit\\u00e9 pour cultiver l&#8217;\\u00e9panouissement!\",\"previousItem\":{\"@type\":\"ListItem\",\"@id\":\"https:\\\/\\\/babynou.ca\\\/en\\\/category\\\/blogue\\\/#listItem\",\"name\":\"Blogue\"}}]},{\"@type\":\"Organization\",\"@id\":\"https:\\\/\\\/babynou.ca\\\/en\\\/#organization\",\"name\":\"Garderie Babynou\",\"url\":\"https:\\\/\\\/babynou.ca\\\/en\\\/\"},{\"@type\":\"Person\",\"@id\":\"https:\\\/\\\/babynou.ca\\\/en\\\/author\\\/communications-babynou\\\/#author\",\"url\":\"https:\\\/\\\/babynou.ca\\\/en\\\/author\\\/communications-babynou\\\/\",\"name\":\"Communications.Babynou\",\"image\":{\"@type\":\"ImageObject\",\"@id\":\"https:\\\/\\\/babynou.ca\\\/en\\\/notre-garderie-inclusive-accueillir-la-diversite-pour-cultiver-lepanouissement\\\/#authorImage\",\"url\":\"https:\\\/\\\/babynou.ca\\\/wp-content\\\/plugins\\\/ultimate-member\\\/assets\\\/img\\\/default_avatar.jpg\",\"width\":96,\"height\":96,\"caption\":\"Communications.Babynou\"}},{\"@type\":\"WebPage\",\"@id\":\"https:\\\/\\\/babynou.ca\\\/en\\\/notre-garderie-inclusive-accueillir-la-diversite-pour-cultiver-lepanouissement\\\/#webpage\",\"url\":\"https:\\\/\\\/babynou.ca\\\/en\\\/notre-garderie-inclusive-accueillir-la-diversite-pour-cultiver-lepanouissement\\\/\",\"name\":\"Notre garderie inclusive : accueillir la diversit\\u00e9 pour cultiver l\\u2019\\u00e9panouissement! - Garderie Babynou\",\"description\":\"#Ch\\u00e8res familles, Nous sommes enchant\\u00e9s de vous partager notre engagement continu envers l'inclusion au sein de notre garderie. Chez nous, chaque enfant est accueilli et ch\\u00e9ri pour sa singularit\\u00e9. Notre garderie s'ouvre aux enfants avec des besoins particuliers, offrant un environnement bienveillant qui favorise leur d\\u00e9veloppement harmonieux. Nous croyons en une communaut\\u00e9 o\\u00f9 chacun a Ch\\u00e8res familles, Nous sommes enchant\\u00e9s de vous partager notre engagement continu envers l'inclusion au sein de notre garderie. Chez nous, chaque enfant est accueilli et ch\\u00e9ri pour sa singularit\\u00e9. Notre garderie s'ouvre aux enfants avec des besoins particuliers, offrant un environnement bienveillant qui favorise leur d\\u00e9veloppement harmonieux. Nous croyons en une communaut\\u00e9 o\\u00f9 chacun a\",\"inLanguage\":\"en-US\",\"isPartOf\":{\"@id\":\"https:\\\/\\\/babynou.ca\\\/en\\\/#website\"},\"breadcrumb\":{\"@id\":\"https:\\\/\\\/babynou.ca\\\/en\\\/notre-garderie-inclusive-accueillir-la-diversite-pour-cultiver-lepanouissement\\\/#breadcrumblist\"},\"author\":{\"@id\":\"https:\\\/\\\/babynou.ca\\\/en\\\/author\\\/communications-babynou\\\/#author\"},\"creator\":{\"@id\":\"https:\\\/\\\/babynou.ca\\\/en\\\/author\\\/communications-babynou\\\/#author\"},\"image\":{\"@type\":\"ImageObject\",\"url\":\"https:\\\/\\\/babynou.ca\\\/wp-content\\\/uploads\\\/2024\\\/02\\\/4-trucs-pour-enseigner-le-respect-de-la-difference-zone-des-parents-2.jpg\",\"@id\":\"https:\\\/\\\/babynou.ca\\\/en\\\/notre-garderie-inclusive-accueillir-la-diversite-pour-cultiver-lepanouissement\\\/#mainImage\",\"width\":1250,\"height\":703},\"primaryImageOfPage\":{\"@id\":\"https:\\\/\\\/babynou.ca\\\/en\\\/notre-garderie-inclusive-accueillir-la-diversite-pour-cultiver-lepanouissement\\\/#mainImage\"},\"datePublished\":\"2024-02-29T11:31:08-05:00\",\"dateModified\":\"2024-03-01T13:06:18-05:00\"},{\"@type\":\"WebSite\",\"@id\":\"https:\\\/\\\/babynou.ca\\\/en\\\/#website\",\"url\":\"https:\\\/\\\/babynou.ca\\\/en\\\/\",\"name\":\"Garderie Babynou\",\"inLanguage\":\"en-US\",\"publisher\":{\"@id\":\"https:\\\/\\\/babynou.ca\\\/en\\\/#organization\"}}]}\n\t\t<\/script>\n\t\t<!-- All in One SEO -->\n\n","aioseo_head_json":{"title":"Notre garderie inclusive : accueillir la diversit\u00e9 pour cultiver l\u2019\u00e9panouissement! - Garderie Babynou","description":"#Ch\u00e8res familles, Nous sommes enchant\u00e9s de vous partager notre engagement continu envers l'inclusion au sein de notre garderie. Chez nous, chaque enfant est accueilli et ch\u00e9ri pour sa singularit\u00e9. Notre garderie s'ouvre aux enfants avec des besoins particuliers, offrant un environnement bienveillant qui favorise leur d\u00e9veloppement harmonieux. Nous croyons en une communaut\u00e9 o\u00f9 chacun a Ch\u00e8res familles, Nous sommes enchant\u00e9s de vous partager notre engagement continu envers l'inclusion au sein de notre garderie. Chez nous, chaque enfant est accueilli et ch\u00e9ri pour sa singularit\u00e9. Notre garderie s'ouvre aux enfants avec des besoins particuliers, offrant un environnement bienveillant qui favorise leur d\u00e9veloppement harmonieux. Nous croyons en une communaut\u00e9 o\u00f9 chacun a","canonical_url":"https:\/\/babynou.ca\/en\/notre-garderie-inclusive-accueillir-la-diversite-pour-cultiver-lepanouissement\/","robots":"max-image-preview:large","keywords":"","webmasterTools":{"miscellaneous":""},"schema":{"@context":"https:\/\/schema.org","@graph":[{"@type":"BlogPosting","@id":"https:\/\/babynou.ca\/en\/notre-garderie-inclusive-accueillir-la-diversite-pour-cultiver-lepanouissement\/#blogposting","name":"Notre garderie inclusive : accueillir la diversit\u00e9 pour cultiver l\u2019\u00e9panouissement! - Garderie Babynou","headline":"Notre garderie inclusive : accueillir la diversit\u00e9 pour cultiver l&#8217;\u00e9panouissement!","author":{"@id":"https:\/\/babynou.ca\/en\/author\/communications-babynou\/#author"},"publisher":{"@id":"https:\/\/babynou.ca\/en\/#organization"},"image":{"@type":"ImageObject","url":"https:\/\/babynou.ca\/wp-content\/uploads\/2024\/02\/4-trucs-pour-enseigner-le-respect-de-la-difference-zone-des-parents-2.jpg","width":1250,"height":703},"datePublished":"2024-02-29T11:31:08-05:00","dateModified":"2024-03-01T13:06:18-05:00","inLanguage":"en-US","mainEntityOfPage":{"@id":"https:\/\/babynou.ca\/en\/notre-garderie-inclusive-accueillir-la-diversite-pour-cultiver-lepanouissement\/#webpage"},"isPartOf":{"@id":"https:\/\/babynou.ca\/en\/notre-garderie-inclusive-accueillir-la-diversite-pour-cultiver-lepanouissement\/#webpage"},"articleSection":"Blogue"},{"@type":"BreadcrumbList","@id":"https:\/\/babynou.ca\/en\/notre-garderie-inclusive-accueillir-la-diversite-pour-cultiver-lepanouissement\/#breadcrumblist","itemListElement":[{"@type":"ListItem","@id":"https:\/\/babynou.ca\/en#listItem","position":1,"name":"Home","item":"https:\/\/babynou.ca\/en","nextItem":{"@type":"ListItem","@id":"https:\/\/babynou.ca\/en\/category\/blogue\/#listItem","name":"Blogue"}},{"@type":"ListItem","@id":"https:\/\/babynou.ca\/en\/category\/blogue\/#listItem","position":2,"name":"Blogue","item":"https:\/\/babynou.ca\/en\/category\/blogue\/","nextItem":{"@type":"ListItem","@id":"https:\/\/babynou.ca\/en\/notre-garderie-inclusive-accueillir-la-diversite-pour-cultiver-lepanouissement\/#listItem","name":"Notre garderie inclusive : accueillir la diversit\u00e9 pour cultiver l&#8217;\u00e9panouissement!"},"previousItem":{"@type":"ListItem","@id":"https:\/\/babynou.ca\/en#listItem","name":"Home"}},{"@type":"ListItem","@id":"https:\/\/babynou.ca\/en\/notre-garderie-inclusive-accueillir-la-diversite-pour-cultiver-lepanouissement\/#listItem","position":3,"name":"Notre garderie inclusive : accueillir la diversit\u00e9 pour cultiver l&#8217;\u00e9panouissement!","previousItem":{"@type":"ListItem","@id":"https:\/\/babynou.ca\/en\/category\/blogue\/#listItem","name":"Blogue"}}]},{"@type":"Organization","@id":"https:\/\/babynou.ca\/en\/#organization","name":"Garderie Babynou","url":"https:\/\/babynou.ca\/en\/"},{"@type":"Person","@id":"https:\/\/babynou.ca\/en\/author\/communications-babynou\/#author","url":"https:\/\/babynou.ca\/en\/author\/communications-babynou\/","name":"Communications.Babynou","image":{"@type":"ImageObject","@id":"https:\/\/babynou.ca\/en\/notre-garderie-inclusive-accueillir-la-diversite-pour-cultiver-lepanouissement\/#authorImage","url":"https:\/\/babynou.ca\/wp-content\/plugins\/ultimate-member\/assets\/img\/default_avatar.jpg","width":96,"height":96,"caption":"Communications.Babynou"}},{"@type":"WebPage","@id":"https:\/\/babynou.ca\/en\/notre-garderie-inclusive-accueillir-la-diversite-pour-cultiver-lepanouissement\/#webpage","url":"https:\/\/babynou.ca\/en\/notre-garderie-inclusive-accueillir-la-diversite-pour-cultiver-lepanouissement\/","name":"Notre garderie inclusive : accueillir la diversit\u00e9 pour cultiver l\u2019\u00e9panouissement! - Garderie Babynou","description":"#Ch\u00e8res familles, Nous sommes enchant\u00e9s de vous partager notre engagement continu envers l'inclusion au sein de notre garderie. Chez nous, chaque enfant est accueilli et ch\u00e9ri pour sa singularit\u00e9. Notre garderie s'ouvre aux enfants avec des besoins particuliers, offrant un environnement bienveillant qui favorise leur d\u00e9veloppement harmonieux. Nous croyons en une communaut\u00e9 o\u00f9 chacun a Ch\u00e8res familles, Nous sommes enchant\u00e9s de vous partager notre engagement continu envers l'inclusion au sein de notre garderie. Chez nous, chaque enfant est accueilli et ch\u00e9ri pour sa singularit\u00e9. Notre garderie s'ouvre aux enfants avec des besoins particuliers, offrant un environnement bienveillant qui favorise leur d\u00e9veloppement harmonieux. Nous croyons en une communaut\u00e9 o\u00f9 chacun a","inLanguage":"en-US","isPartOf":{"@id":"https:\/\/babynou.ca\/en\/#website"},"breadcrumb":{"@id":"https:\/\/babynou.ca\/en\/notre-garderie-inclusive-accueillir-la-diversite-pour-cultiver-lepanouissement\/#breadcrumblist"},"author":{"@id":"https:\/\/babynou.ca\/en\/author\/communications-babynou\/#author"},"creator":{"@id":"https:\/\/babynou.ca\/en\/author\/communications-babynou\/#author"},"image":{"@type":"ImageObject","url":"https:\/\/babynou.ca\/wp-content\/uploads\/2024\/02\/4-trucs-pour-enseigner-le-respect-de-la-difference-zone-des-parents-2.jpg","@id":"https:\/\/babynou.ca\/en\/notre-garderie-inclusive-accueillir-la-diversite-pour-cultiver-lepanouissement\/#mainImage","width":1250,"height":703},"primaryImageOfPage":{"@id":"https:\/\/babynou.ca\/en\/notre-garderie-inclusive-accueillir-la-diversite-pour-cultiver-lepanouissement\/#mainImage"},"datePublished":"2024-02-29T11:31:08-05:00","dateModified":"2024-03-01T13:06:18-05:00"},{"@type":"WebSite","@id":"https:\/\/babynou.ca\/en\/#website","url":"https:\/\/babynou.ca\/en\/","name":"Garderie Babynou","inLanguage":"en-US","publisher":{"@id":"https:\/\/babynou.ca\/en\/#organization"}}]},"og:locale":"en_US","og:site_name":"Garderie Babynou -","og:type":"article","og:title":"Notre garderie inclusive : accueillir la diversit\u00e9 pour cultiver l\u2019\u00e9panouissement! - Garderie Babynou","og:description":"#Ch\u00e8res familles, Nous sommes enchant\u00e9s de vous partager notre engagement continu envers l'inclusion au sein de notre garderie. Chez nous, chaque enfant est accueilli et ch\u00e9ri pour sa singularit\u00e9. Notre garderie s'ouvre aux enfants avec des besoins particuliers, offrant un environnement bienveillant qui favorise leur d\u00e9veloppement harmonieux. Nous croyons en une communaut\u00e9 o\u00f9 chacun a Ch\u00e8res familles, Nous sommes enchant\u00e9s de vous partager notre engagement continu envers l'inclusion au sein de notre garderie. Chez nous, chaque enfant est accueilli et ch\u00e9ri pour sa singularit\u00e9. Notre garderie s'ouvre aux enfants avec des besoins particuliers, offrant un environnement bienveillant qui favorise leur d\u00e9veloppement harmonieux. Nous croyons en une communaut\u00e9 o\u00f9 chacun a","og:url":"https:\/\/babynou.ca\/en\/notre-garderie-inclusive-accueillir-la-diversite-pour-cultiver-lepanouissement\/","article:published_time":"2024-02-29T16:31:08+00:00","article:modified_time":"2024-03-01T18:06:18+00:00","twitter:card":"summary_large_image","twitter:title":"Notre garderie inclusive : accueillir la diversit\u00e9 pour cultiver l\u2019\u00e9panouissement! - Garderie Babynou","twitter:description":"#Ch\u00e8res familles, Nous sommes enchant\u00e9s de vous partager notre engagement continu envers l'inclusion au sein de notre garderie. Chez nous, chaque enfant est accueilli et ch\u00e9ri pour sa singularit\u00e9. Notre garderie s'ouvre aux enfants avec des besoins particuliers, offrant un environnement bienveillant qui favorise leur d\u00e9veloppement harmonieux. Nous croyons en une communaut\u00e9 o\u00f9 chacun a Ch\u00e8res familles, Nous sommes enchant\u00e9s de vous partager notre engagement continu envers l'inclusion au sein de notre garderie. Chez nous, chaque enfant est accueilli et ch\u00e9ri pour sa singularit\u00e9. Notre garderie s'ouvre aux enfants avec des besoins particuliers, offrant un environnement bienveillant qui favorise leur d\u00e9veloppement harmonieux. Nous croyons en une communaut\u00e9 o\u00f9 chacun a"},"aioseo_meta_data":{"post_id":"2669","title":null,"description":"##post_excerpt #post_content","keywords":[],"keyphrases":{"focus":{"keyphrase":"","score":0,"analysis":{"keyphraseInTitle":{"score":0,"maxScore":9,"error":1}}},"additional":[]},"primary_term":null,"canonical_url":null,"og_title":null,"og_description":null,"og_object_type":"default","og_image_type":"default","og_image_url":null,"og_image_width":null,"og_image_height":null,"og_image_custom_url":null,"og_image_custom_fields":null,"og_video":"","og_custom_url":null,"og_article_section":null,"og_article_tags":[],"twitter_use_og":false,"twitter_card":"default","twitter_image_type":"default","twitter_image_url":null,"twitter_image_custom_url":null,"twitter_image_custom_fields":null,"twitter_title":null,"twitter_description":null,"schema":{"blockGraphs":[],"customGraphs":[],"default":{"data":{"Article":[],"Course":[],"Dataset":[],"FAQPage":[],"Movie":[],"Person":[],"Product":[],"ProductReview":[],"Car":[],"Recipe":[],"Service":[],"SoftwareApplication":[],"WebPage":[]},"graphName":"BlogPosting","isEnabled":true},"graphs":[]},"schema_type":"default","schema_type_options":null,"pillar_content":false,"robots_default":true,"robots_noindex":false,"robots_noarchive":false,"robots_nosnippet":false,"robots_nofollow":false,"robots_noimageindex":false,"robots_noodp":false,"robots_notranslate":false,"robots_max_snippet":"-1","robots_max_videopreview":"-1","robots_max_imagepreview":"large","priority":null,"frequency":"default","local_seo":null,"breadcrumb_settings":null,"limit_modified_date":false,"ai":null,"created":"2024-02-29 16:31:10","updated":"2025-08-22 03:38:07","focus_keyword":null,"additional_keywords":null,"truseo_locale":null,"seo_analyzer_scan_date":null},"aioseo_breadcrumb":"<div class=\"aioseo-breadcrumbs\"><span class=\"aioseo-breadcrumb\">\n\t\t\t<a href=\"https:\/\/babynou.ca\/en\" title=\"Home\">Home<\/a>\n\t\t<\/span><span class=\"aioseo-breadcrumb-separator\">&raquo;<\/span><span class=\"aioseo-breadcrumb\">\n\t\t\t<a href=\"https:\/\/babynou.ca\/en\/category\/blogue\/\" title=\"Blogue\">Blogue<\/a>\n\t\t<\/span><span class=\"aioseo-breadcrumb-separator\">&raquo;<\/span><span class=\"aioseo-breadcrumb\">\n\t\t\tNotre garderie inclusive : accueillir la diversit\u00e9 pour cultiver l\u2019\u00e9panouissement!\n\t\t<\/span><\/div>","aioseo_breadcrumb_json":[{"label":"Home","link":"https:\/\/babynou.ca\/en"},{"label":"Blogue","link":"https:\/\/babynou.ca\/en\/category\/blogue\/"},{"label":"Notre garderie inclusive : accueillir la diversit\u00e9 pour cultiver l&#8217;\u00e9panouissement!","link":"https:\/\/babynou.ca\/en\/notre-garderie-inclusive-accueillir-la-diversite-pour-cultiver-lepanouissement\/"}],"jetpack_sharing_enabled":true,"jetpack_featured_media_url":"https:\/\/babynou.ca\/wp-content\/uploads\/2024\/02\/4-trucs-pour-enseigner-le-respect-de-la-difference-zone-des-parents-2.jpg","_links":{"self":[{"href":"https:\/\/babynou.ca\/en\/wp-json\/wp\/v2\/posts\/2669","targetHints":{"allow":["GET"]}}],"collection":[{"href":"https:\/\/babynou.ca\/en\/wp-json\/wp\/v2\/posts"}],"about":[{"href":"https:\/\/babynou.ca\/en\/wp-json\/wp\/v2\/types\/post"}],"author":[{"embeddable":true,"href":"https:\/\/babynou.ca\/en\/wp-json\/wp\/v2\/users\/22"}],"replies":[{"embeddable":true,"href":"https:\/\/babynou.ca\/en\/wp-json\/wp\/v2\/comments?post=2669"}],"version-history":[{"count":4,"href":"https:\/\/babynou.ca\/en\/wp-json\/wp\/v2\/posts\/2669\/revisions"}],"predecessor-version":[{"id":2678,"href":"https:\/\/babynou.ca\/en\/wp-json\/wp\/v2\/posts\/2669\/revisions\/2678"}],"wp:featuredmedia":[{"embeddable":true,"href":"https:\/\/babynou.ca\/en\/wp-json\/wp\/v2\/media\/2676"}],"wp:attachment":[{"href":"https:\/\/babynou.ca\/en\/wp-json\/wp\/v2\/media?parent=2669"}],"wp:term":[{"taxonomy":"category","embeddable":true,"href":"https:\/\/babynou.ca\/en\/wp-json\/wp\/v2\/categories?post=2669"},{"taxonomy":"post_tag","embeddable":true,"href":"https:\/\/babynou.ca\/en\/wp-json\/wp\/v2\/tags?post=2669"}],"curies":[{"name":"wp","href":"https:\/\/api.w.org\/{rel}","templated":true}]}}